{"id":16782,"date":"2023-10-09T11:11:58","date_gmt":"2023-10-09T11:11:58","guid":{"rendered":"https:\/\/woolskins.eu\/?p=16782"},"modified":"2023-10-09T11:32:09","modified_gmt":"2023-10-09T11:32:09","slug":"et-fareskind-eller-en-babydragt-i-uld-i-showroomet-for-uldskind-sa-du-kan-rore-ved-dem","status":"publish","type":"post","link":"https:\/\/woolskins.eu\/da\/een-schapenvacht-of-een-wollen-babypakje-in-de-showroom-van-woolskins-kan-je-ze-aanraken\/","title":{"rendered":"Et f\u00e5reskind eller en uldbabydragt: du kan r\u00f8re ved dem i Woolskins showroom"},"content":{"rendered":"<div class=\"brz-root__container brz-reset-all\">&nbsp;<\/div>\n<p><!-- version:1696850001 --><\/p>\n\n\n<p class=\"has-medium-font-size\"><strong>Vi er meget taknemmelige for denne smukke genstand i Het Parool.<\/strong> <\/p>\n\n\n\n<p class=\"has-small-font-size\"><strong>L\u00e6s punktet nedenfor<\/strong><\/p>\n\n\n\n<p>Nye butikker, restauranter og caf\u00e9er \u00e5bner i Amsterdam hver dag. Du kan l\u00e6se om det i vores Just Open-sektion. I dag: se og m\u00e6rk b\u00e6redygtige uldprodukter til babyer og b\u00f8rn i Woolskins showroom.<\/p>\n\n\n\n<p><a href=\"https:\/\/www.parool.nl\/auteur\/Susanne%20Haverkort\" target=\"_blank\" rel=\"noopener\">Susanne Haverkort<\/a>5. oktober 2023 kl. 20.00<\/p>\n\n\n\n<p>N\u00e5r du tr\u00e6der ind i bygningen af det nye Woolskins showroom p\u00e5 Derde Looiersdwarsstraat, bliver du m\u00f8dt af duften af lanolin. Indenfor finder du en r\u00e6kke \u00f8kologiske uldprodukter til babyer og b\u00f8rn, lavet af uld fra Europa.<\/p>\n\n\n\n<p>Ejer og t\u00f8jdesigner Agata Klimczynska (52) voksede op i Polen og flyttede til Amsterdam i 2012. Med kun \u00e9t f\u00e5reskind grundlagde hun Woolskins fire \u00e5r senere. &quot;Efter mit barns f\u00f8dsel inds\u00e5 jeg, hvor begr\u00e6nset udbuddet af b\u00e6redygtigt t\u00f8j var til b\u00f8rn, det kunne v\u00e6re anderledes.&quot;<\/p>\n\n\n\n<p>Inspirationen til Woolskins fik hun fra et barndomsminde. \u201dMin bedstemor havde uld overalt i huset. N\u00e5r jeg boede hos hende, sov jeg hver nat under et f\u00e5reskind og p\u00e5 en uldpude. Jeg \u00f8nskede at give den samme varme f\u00f8lelse til alle b\u00f8rn.\u201d<\/p>\n\n\n\n<figure class=\"wp-block-image size-large\"><a href=\"https:\/\/www.parool.nl\/ps\/een-schapenvacht-of-een-wollen-babypakje-in-de-showroom-van-woolskins-kan-je-ze-aanraken~bca3fb940\/\" target=\"_blank\" rel=\"noopener\"><img loading=\"lazy\" decoding=\"async\" width=\"1024\" height=\"533\" src=\"https:\/\/woolskins.eu\/wp-content\/uploads\/2023\/09\/1695380168335-Middel-1024x533.jpg\" alt=\"Woolskins Baby Shop Amsterdam Uldprodukter til babyer\" class=\"wp-image-16423\" srcset=\"https:\/\/woolskins.eu\/wp-content\/uploads\/2023\/09\/1695380168335-Middel-1024x533.jpg 1024w, https:\/\/woolskins.eu\/wp-content\/uploads\/2023\/09\/1695380168335-Middel-600x312.jpg 600w, https:\/\/woolskins.eu\/wp-content\/uploads\/2023\/09\/1695380168335-Middel-300x156.jpg 300w, https:\/\/woolskins.eu\/wp-content\/uploads\/2023\/09\/1695380168335-Middel-768x400.jpg 768w, https:\/\/woolskins.eu\/wp-content\/uploads\/2023\/09\/1695380168335-Middel-18x9.jpg 18w, https:\/\/woolskins.eu\/wp-content\/uploads\/2023\/09\/1695380168335-Middel.jpg 1366w\" sizes=\"auto, (max-width: 1024px) 100vw, 1024px\" \/><\/a><\/figure>\n\n\n\n<p>If\u00f8lge Klimczynska er uld mere end blot et materiale, der giver os varme. &quot;I mit showroom vil jeg ogs\u00e5 fort\u00e6lle folk mere om alle de sunde antibakterielle og helende egenskaber ved uld.&quot;<\/p>\n\n\n\n<p>Woolskins showroom handler hovedsageligt om en b\u00e6redygtig indk\u00f8bsoplevelse, hvor de h\u00e5ber at forhindre returnering. &quot;Showroomet giver folk mulighed for at r\u00f8re ved t\u00f8jet, m\u00e6rke uldens bl\u00f8dhed og selv bed\u00f8mme kvaliteten, f\u00f8r de k\u00f8ber noget p\u00e5 hjemmesiden.&quot;<\/p>\n\n\n\n<p>H\u00e5ndlavede babydragter (99 \u20ac) og komfortable kropsvarmere (fra 25 \u20ac) i varme naturlige toner h\u00e6nger p\u00e5 t\u00f8jstativerne, lavet af tr\u00e6grene, hun havde med fra Polen. Du finder ogs\u00e5 f\u00e5reskind specielt designet til barnevognen (84 \u20ac).<\/p>\n\n\n\n<figure class=\"wp-block-image size-full is-resized\"><a href=\"https:\/\/www.parool.nl\/ps\/een-schapenvacht-of-een-wollen-babypakje-in-de-showroom-van-woolskins-kan-je-ze-aanraken~bca3fb940\/\" target=\"_blank\" rel=\"noopener\"><img loading=\"lazy\" decoding=\"async\" src=\"https:\/\/woolskins.eu\/wp-content\/uploads\/2023\/09\/1695387702986-Middel.jpg\" alt=\"Woolskins Baby Shop Amsterdam Uldprodukter til babyer\" class=\"wp-image-16455\" width=\"749\" height=\"749\" srcset=\"https:\/\/woolskins.eu\/wp-content\/uploads\/2023\/09\/1695387702986-Middel.jpg 768w, https:\/\/woolskins.eu\/wp-content\/uploads\/2023\/09\/1695387702986-Middel-300x300.jpg 300w, https:\/\/woolskins.eu\/wp-content\/uploads\/2023\/09\/1695387702986-Middel-100x100.jpg 100w, https:\/\/woolskins.eu\/wp-content\/uploads\/2023\/09\/1695387702986-Middel-600x600.jpg 600w, https:\/\/woolskins.eu\/wp-content\/uploads\/2023\/09\/1695387702986-Middel-150x150.jpg 150w, https:\/\/woolskins.eu\/wp-content\/uploads\/2023\/09\/1695387702986-Middel-12x12.jpg 12w\" sizes=\"auto, (max-width: 749px) 100vw, 749px\" \/><\/a><\/figure>\n\n\n\n<h4 class=\"wp-block-heading\"><a href=\"https:\/\/woolskins.eu\/\">Woolskins<\/a><\/h4>\n\n\n\n<p>Derde Looiersdwarsstraat 5h, Center.<\/p>\n\n\n\n<h4 class=\"wp-block-heading\">Koncept<\/h4>\n\n\n\n<p>Hos Woolskins kan du afgive og afhente bestillinger.<\/p>\n\n\n\n<h4 class=\"wp-block-heading\">Ikke for b\u00f8rn<\/h4>\n\n\n\n<p>I showroomet finder du ogs\u00e5 uldyogam\u00e5tter (89 \u20ac), ammeindl\u00e6g af \u00f8kologisk merinould (14 \u20ac) og allergivenlig brystvortesalve lavet af lanolin (12 \u20ac).<\/p>\n\n\n\n<h4 class=\"wp-block-heading\">Kvalitetsm\u00e6rke<\/h4>\n\n\n\n<p>Alle produkter er h\u00e5ndlavede af europ\u00e6isk uld og b\u00e6rer &#039;Woolmark&#039; og &#039;Safe for Children&#039; kvalitetsm\u00e6rket.<\/p>","protected":false},"excerpt":{"rendered":"<p>&nbsp; We zijn erg dankbaar voor dit mooie item in Het Parool. Lees hieronder het item Elke dag openen nieuwe winkels, restaurants en caf\u00e9s in Amsterdam. In onze rubriek Net open lees je erover. Vandaag: bekijk en voel duurzame wolproducten voor baby\u2019s en kinderen bij de showroom van Woolskins. Susanne Haverkort5 oktober 2023, 20:00 Wanneer [&hellip;]<\/p>\n","protected":false},"author":6,"featured_media":16451,"comment_status":"open","ping_status":"open","sticky":true,"template":"brizy-blank-template.php","format":"standard","meta":{"_acf_changed":false,"footnotes":""},"categories":[1],"tags":[496,497,395],"class_list":["post-16782","post","type-post","status-publish","format-standard","has-post-thumbnail","hentry","category-blog","tag-het-parool","tag-showroom-babywinkel-amsterdam","tag-woolskins"],"blocksy_meta":[],"acf":[],"brizy_media":[],"_links":{"self":[{"href":"https:\/\/woolskins.eu\/da\/wp-json\/wp\/v2\/posts\/16782","targetHints":{"allow":["GET"]}}],"collection":[{"href":"https:\/\/woolskins.eu\/da\/wp-json\/wp\/v2\/posts"}],"about":[{"href":"https:\/\/woolskins.eu\/da\/wp-json\/wp\/v2\/types\/post"}],"author":[{"embeddable":true,"href":"https:\/\/woolskins.eu\/da\/wp-json\/wp\/v2\/users\/6"}],"replies":[{"embeddable":true,"href":"https:\/\/woolskins.eu\/da\/wp-json\/wp\/v2\/comments?post=16782"}],"version-history":[{"count":0,"href":"https:\/\/woolskins.eu\/da\/wp-json\/wp\/v2\/posts\/16782\/revisions"}],"wp:featuredmedia":[{"embeddable":true,"href":"https:\/\/woolskins.eu\/da\/wp-json\/wp\/v2\/media\/16451"}],"wp:attachment":[{"href":"https:\/\/woolskins.eu\/da\/wp-json\/wp\/v2\/media?parent=16782"}],"wp:term":[{"taxonomy":"category","embeddable":true,"href":"https:\/\/woolskins.eu\/da\/wp-json\/wp\/v2\/categories?post=16782"},{"taxonomy":"post_tag","embeddable":true,"href":"https:\/\/woolskins.eu\/da\/wp-json\/wp\/v2\/tags?post=16782"}],"curies":[{"name":"wp","href":"https:\/\/api.w.org\/{rel}","templated":true}]}}